{"id":1336,"date":"2019-02-28T15:36:00","date_gmt":"2019-02-28T21:36:00","guid":{"rendered":"https:\/\/elblogdefagro.com.mx\/?p=1336"},"modified":"2019-02-28T15:36:00","modified_gmt":"2019-02-28T21:36:00","slug":"el-desarrollo-vegetativo-plantas","status":"publish","type":"post","link":"https:\/\/fagro.mx\/blog\/2019\/02\/28\/el-desarrollo-vegetativo-plantas\/","title":{"rendered":"El Desarrollo Vegetativo."},"content":{"rendered":"<p><img loading=\"lazy\" decoding=\"async\" class=\"alignnone size-large wp-image-1340\" src=\"https:\/\/fagro.mx\/blog\/wp-content\/uploads\/2019\/02\/web-shutterstock_1149613817-1024x457.png\" alt=\"desarrollo vegetal\" width=\"1024\" height=\"457\" srcset=\"https:\/\/fagro.mx\/blog\/wp-content\/uploads\/2019\/02\/web-shutterstock_1149613817-1024x457.png 1024w, https:\/\/fagro.mx\/blog\/wp-content\/uploads\/2019\/02\/web-shutterstock_1149613817-300x134.png 300w, https:\/\/fagro.mx\/blog\/wp-content\/uploads\/2019\/02\/web-shutterstock_1149613817-768x343.png 768w, https:\/\/fagro.mx\/blog\/wp-content\/uploads\/2019\/02\/web-shutterstock_1149613817.png 1200w\" sizes=\"auto, (max-width: 1024px) 100vw, 1024px\" \/><\/p>\n<p>Las hojas empiezan como primordios en forma de c\u00fapula o de chich\u00f3n en el meristemo apical del tallo e inicialmente crecen en forma casi cil\u00edndrica. Estos primordios son conocidos como yemas (Bidwell, 1979).<\/p>\n<p>Las yemas se desarrollan en el tallo principal de la planta. Es un brote juvenil o embrionario de una planta. Las yemas encierran hojas, tallos o flores sin desarrollar y mediante el desarrollo de estas se puede decir si se trata de yemas vegetativas o reproductivas (Gil y Velarde, 1995).<\/p>\n<p>Pasado un corto tiempo despu\u00e9s de la aparici\u00f3n de las yemas, se desarrollan meristemos laterales que crecen hacia los lados dando a la hoja su forma laminar. Los meristemos laterales crecen m\u00e1s o menos r\u00e1pidamente en diferentes posiciones a lo largo del borde de la hoja dando as\u00ed la forma caracter\u00edstica a cada una (Bidwell, 1979).<\/p>\n<p><img loading=\"lazy\" decoding=\"async\" class=\"alignnone wp-image-1339 size-large\" src=\"https:\/\/fagro.mx\/blog\/wp-content\/uploads\/2019\/02\/web-shutterstock_1118574281-e1550081607775-1024x511.png\" alt=\"\" width=\"1024\" height=\"511\" srcset=\"https:\/\/fagro.mx\/blog\/wp-content\/uploads\/2019\/02\/web-shutterstock_1118574281-e1550081607775-1024x511.png 1024w, https:\/\/fagro.mx\/blog\/wp-content\/uploads\/2019\/02\/web-shutterstock_1118574281-e1550081607775-300x150.png 300w, https:\/\/fagro.mx\/blog\/wp-content\/uploads\/2019\/02\/web-shutterstock_1118574281-e1550081607775-768x383.png 768w, https:\/\/fagro.mx\/blog\/wp-content\/uploads\/2019\/02\/web-shutterstock_1118574281-e1550081607775.png 1277w\" sizes=\"auto, (max-width: 1024px) 100vw, 1024px\" \/><\/p>\n<p>La rapidez del crecimiento puede estar relacionada con la nutrici\u00f3n porque a menudo el crecimiento es mayor en el punto opuesto al t\u00e9rmino de las nervaduras mayores. Una alternativa es que se podr\u00edan transportar fitohormonas por las nervaduras y que act\u00faen m\u00e1s en\u00e9rgicamente en su extremo estimulando el crecimiento (Bidwell, 1979).<\/p>\n<p>No se sabe c\u00f3mo operan estos est\u00edmulos, pero F. Went ha demostrado que eI \u00e1cido Indolac\u00e9tico estimula el crecimiento linear de la hoja, particularmente la longitud de las nervaduras, y por lo tanto el \u00e1rea foliar y algunos aspectos de su forma. Esto se fundamenta porque las plantas heter\u00f3filas generalmente muestran una progresi\u00f3n de formas de las hojas hacia arriba del eje sugiriendo la influencia de un gradiente de fitohormonas en el tallo (Bidwell, 1979).<\/p>\n<p>De hecho, la influencia de un gradiente de fitohormonas puede originarse en los primordios. Conforme crece el tallo, el meristemo apical se desarrolla o madura y puede agrandarse considerablemente. Los primordios formados en un meristemo m\u00e1s grande o m\u00e1s maduro ser\u00e1n asimismo m\u00e1s grandes, tendr\u00e1n un desarrollo inicial m\u00e1s r\u00e1pido y responder\u00e1n a su informaci\u00f3n gen\u00e9tica de modo diferente a los que se forman m\u00e1s temprano o sobre un meristemo m\u00e1s peque\u00f1o o menos maduro (Bidwell, 1979).<\/p>\n<p><img loading=\"lazy\" decoding=\"async\" class=\"wp-image-1341 alignleft\" src=\"https:\/\/fagro.mx\/blog\/wp-content\/uploads\/2019\/02\/web-shutterstock_1157463172.png\" alt=\"desarrollo en plantas de tomate\" width=\"461\" height=\"307\" srcset=\"https:\/\/fagro.mx\/blog\/wp-content\/uploads\/2019\/02\/web-shutterstock_1157463172.png 880w, https:\/\/fagro.mx\/blog\/wp-content\/uploads\/2019\/02\/web-shutterstock_1157463172-300x200.png 300w, https:\/\/fagro.mx\/blog\/wp-content\/uploads\/2019\/02\/web-shutterstock_1157463172-768x512.png 768w\" sizes=\"auto, (max-width: 461px) 100vw, 461px\" \/>El tama\u00f1o del \u00e1pice afecta probablemente a las cantidades relativas de citocinina y auxina presentes afectando a s\u00ed la divisi\u00f3n celular y el patr\u00f3n de desarrollo de la hoja. Estos cambios en el \u00e1pice pueden ser responsables en ciertas plantas del cambio final del estado vegetativo al reproductor (Bidwell, 1979).Es por esto que una nutrici\u00f3n suficiente y balanceada y aplicaci\u00f3n ex\u00f3genas de citocininas, auxinas y giberelinas (de forma equilibrada), promover\u00e1n el correcto desarrollo de los brotes apicales, laterales y la misma floraci\u00f3n.<\/p>\n<p>&nbsp;<\/p>\n<p><img loading=\"lazy\" decoding=\"async\" class=\"alignnone wp-image-999\" src=\"https:\/\/fagro.mx\/blog\/wp-content\/uploads\/2018\/09\/LOGO-BIORGANIX-1024x317.png\" alt=\"LOGO BIORGANIX\" width=\"249\" height=\"77\" srcset=\"https:\/\/fagro.mx\/blog\/wp-content\/uploads\/2018\/09\/LOGO-BIORGANIX-1024x317.png 1024w, https:\/\/fagro.mx\/blog\/wp-content\/uploads\/2018\/09\/LOGO-BIORGANIX-300x93.png 300w, https:\/\/fagro.mx\/blog\/wp-content\/uploads\/2018\/09\/LOGO-BIORGANIX-768x237.png 768w, https:\/\/fagro.mx\/blog\/wp-content\/uploads\/2018\/09\/LOGO-BIORGANIX-1536x475.png 1536w, https:\/\/fagro.mx\/blog\/wp-content\/uploads\/2018\/09\/LOGO-BIORGANIX.png 1650w\" sizes=\"auto, (max-width: 249px) 100vw, 249px\" \/>Informaci\u00f3n Ing. Rodrigo Pedraza.<\/p>\n<p><small>BIDWELL, R. G. S. 1979. Fisiolog\u00eda Vegetal. 1a. Ed. AGT Editor. M\u00e9xico 784 pp.<br \/>\nGIL, FERNANDO y VELARDE, ALBERT. 1995. Morfolog\u00eda y fisiolog\u00eda del \u00e1rbol frutal. Edici\u00f3n 4. Mundi-Prensa.<\/small><\/p>\n","protected":false},"excerpt":{"rendered":"<p>Las hojas empiezan como primordios en forma de c\u00fapula o de chich\u00f3n en el meristemo apical del tallo e inicialmente crecen en forma casi cil\u00edndrica. Estos primordios son conocidos como yemas (Bidwell, 1979). Las yemas se desarrollan en el tallo principal de la planta. Es un brote juvenil o embrionario de una planta. Las yemas &#8230; <a title=\"El Desarrollo Vegetativo.\" class=\"read-more\" href=\"https:\/\/fagro.mx\/blog\/2019\/02\/28\/el-desarrollo-vegetativo-plantas\/\" aria-label=\"Leer m\u00e1s sobre El Desarrollo Vegetativo.\">Leer m\u00e1s<\/a><\/p>\n","protected":false},"author":1,"featured_media":1338,"comment_status":"open","ping_status":"open","sticky":false,"template":"","format":"standard","meta":{"footnotes":""},"categories":[5],"tags":[],"class_list":["post-1336","post","type-post","status-publish","format-standard","has-post-thumbnail","hentry","category-informacion"],"_links":{"self":[{"href":"https:\/\/fagro.mx\/blog\/wp-json\/wp\/v2\/posts\/1336","targetHints":{"allow":["GET"]}}],"collection":[{"href":"https:\/\/fagro.mx\/blog\/wp-json\/wp\/v2\/posts"}],"about":[{"href":"https:\/\/fagro.mx\/blog\/wp-json\/wp\/v2\/types\/post"}],"author":[{"embeddable":true,"href":"https:\/\/fagro.mx\/blog\/wp-json\/wp\/v2\/users\/1"}],"replies":[{"embeddable":true,"href":"https:\/\/fagro.mx\/blog\/wp-json\/wp\/v2\/comments?post=1336"}],"version-history":[{"count":0,"href":"https:\/\/fagro.mx\/blog\/wp-json\/wp\/v2\/posts\/1336\/revisions"}],"wp:featuredmedia":[{"embeddable":true,"href":"https:\/\/fagro.mx\/blog\/wp-json\/wp\/v2\/media\/1338"}],"wp:attachment":[{"href":"https:\/\/fagro.mx\/blog\/wp-json\/wp\/v2\/media?parent=1336"}],"wp:term":[{"taxonomy":"category","embeddable":true,"href":"https:\/\/fagro.mx\/blog\/wp-json\/wp\/v2\/categories?post=1336"},{"taxonomy":"post_tag","embeddable":true,"href":"https:\/\/fagro.mx\/blog\/wp-json\/wp\/v2\/tags?post=1336"}],"curies":[{"name":"wp","href":"https:\/\/api.w.org\/{rel}","templated":true}]}}