{"id":5066,"date":"2025-03-20T09:10:57","date_gmt":"2025-03-20T15:10:57","guid":{"rendered":"https:\/\/blogdefagro.com\/?p=5066"},"modified":"2025-03-20T09:10:57","modified_gmt":"2025-03-20T15:10:57","slug":"los-acaros-en-tu-cultivo","status":"publish","type":"post","link":"https:\/\/fagro.mx\/blog\/2025\/03\/20\/los-acaros-en-tu-cultivo\/","title":{"rendered":"\u00a1Los \u00e1caros en tu cultivo!"},"content":{"rendered":"\n<p>Probablemente se trate de una de las plagas m\u00e1s comunes y dif\u00edciles de detectar. Por ello, identificar la presencia de \u00e1caros en nuestras plantas deber\u00eda ser una prioridad constante en aquellas de interior, y a\u00fan m\u00e1s durante el verano para las de exterior.<\/p>\n\n\n<div class=\"wp-block-image\">\n<figure class=\"aligncenter size-large\"><img decoding=\"async\" src=\"https:\/\/fagro.mx\/blog\/wp-content\/uploads\/2025\/03\/image-4-1024x675.png\" alt=\"\" class=\"wp-image-5068\"\/><\/figure>\n<\/div>\n\n\n<p>Es fundamental entender que los \u00e1caros son diminutos artr\u00f3podos que se instalan en cualquier tipo de planta, incluyendo las de huerto. Sin embargo, lo realmente preocupante no es su presencia, sino su voracidad como chupadores y su extraordinaria capacidad para colonizar r\u00e1pidamente cualquier planta. Esto puede llevar a una r\u00e1pida degradaci\u00f3n del estado de la planta e incluso a su muerte.<\/p>\n\n\n\n<p><strong>Sintomatolog\u00eda en las plantas afectadas<\/strong><\/p>\n\n\n\n<p>La presencia de \u00e1caros fit\u00f3fagos en las plantas se manifiesta a trav\u00e9s de diversos s\u00edntomas, que pueden variar seg\u00fan la especie de \u00e1caro y el tipo de planta hospedante:<\/p>\n\n\n\n<ul class=\"wp-block-list\">\n<li><strong>Manchas amarillentas o bronceadas en las hojas<\/strong><br>Los \u00e1caros extraen la savia de las hojas, lo que provoca la aparici\u00f3n de peque\u00f1as manchas decoloradas o clor\u00f3ticas. Con el tiempo, estas manchas pueden expandirse y adquirir un tono marr\u00f3n o bronceado, debilitando la planta y d\u00e1ndole un aspecto marchito.<\/li>\n\n\n\n<li><strong>Presencia de finas telara\u00f1as en el env\u00e9s de las hojas<\/strong><br>Los \u00e1caros de la familia <em>Tetranychidae<\/em>, como la ara\u00f1a roja, generan una capa de telara\u00f1as delgadas en la parte inferior de las hojas o entre los tallos. Estas redes les proporcionan protecci\u00f3n contra depredadores y condiciones ambientales adversas, facilitando su r\u00e1pida propagaci\u00f3n.<\/li>\n\n\n\n<li><strong>Hojas deformadas o enrolladas<\/strong><br>Algunas especies de \u00e1caros, como los eri\u00f3fidos, inyectan toxinas mientras se alimentan, lo que provoca deformaciones en las hojas. Esto puede hacer que se enrosquen, se deformen o presenten una textura rugosa y anormal.<\/li>\n\n\n\n<li><strong>P\u00e9rdida prematura del follaje<\/strong><br>Si la infestaci\u00f3n es grave, las hojas pueden caerse antes de tiempo debido al estr\u00e9s causado por la extracci\u00f3n de savia y la alteraci\u00f3n de las funciones vitales de la planta. Esto impacta directamente en su crecimiento y desarrollo.<\/li>\n\n\n\n<li><strong>Necrosis y muerte del tejido vegetal<\/strong><br>En infestaciones avanzadas, algunas partes de la planta pueden presentar necrosis, es decir, tejido muerto. Esto se observa como manchas marrones o negras en los bordes de las hojas o en las zonas donde los \u00e1caros han estado aliment\u00e1ndose de manera intensa. Con el tiempo, estas \u00e1reas afectadas pueden expandirse y comprometer a\u00fan m\u00e1s la salud de la planta.<\/li>\n\n\n\n<li><strong>Frutos da\u00f1ados o deformados<\/strong><br>Si los \u00e1caros atacan cultivos frutales, los frutos pueden presentar alteraciones como cicatrices, manchas o deformaciones. Esto afecta tanto su calidad comercial como su desarrollo adecuado, reduciendo su valor en el mercado.<\/li>\n<\/ul>\n\n\n<div class=\"wp-block-image\">\n<figure class=\"aligncenter size-large\"><img decoding=\"async\" src=\"https:\/\/fagro.mx\/blog\/wp-content\/uploads\/2025\/03\/image-5-1024x597.png\" alt=\"\" class=\"wp-image-5069\"\/><\/figure>\n<\/div>\n\n\n<p><strong>Importancia del monitoreo y control<\/strong><\/p>\n\n\n\n<p>Debido a su peque\u00f1o tama\u00f1o y r\u00e1pida tasa de reproducci\u00f3n, los \u00e1caros pueden pasar desapercibidos hasta que la infestaci\u00f3n es severa. Por ello, es fundamental realizar monitoreos peri\u00f3dicos en los cultivos, prestando especial atenci\u00f3n al env\u00e9s de las hojas y buscando s\u00edntomas caracter\u00edsticos.<\/p>\n\n\n\n<p>Las estrategias de manejo incluyen el uso de acaricidas espec\u00edficos, la implementaci\u00f3n de controles biol\u00f3gicos mediante la introducci\u00f3n de depredadores naturales y pr\u00e1cticas culturales que reduzcan las condiciones favorables para su proliferaci\u00f3n, como el control de malezas y la adecuada gesti\u00f3n del riego.<\/p>\n\n\n<div class=\"wp-block-image\">\n<figure class=\"aligncenter size-full\"><img decoding=\"async\" src=\"https:\/\/fagro.mx\/blog\/wp-content\/uploads\/2025\/03\/image-6.png\" alt=\"\" class=\"wp-image-5070\"\/><\/figure>\n<\/div>\n\n\n<p>Los \u00e1caros agr\u00edcolas representan una amenaza significativa para la salud de las plantas y la productividad de los cultivos. La identificaci\u00f3n temprana y la implementaci\u00f3n de medidas de control efectivas son esenciales para mitigar su impacto y garantizar la sostenibilidad agr\u00edcola.<\/p>\n","protected":false},"excerpt":{"rendered":"<p>Probablemente se trate de una de las plagas m\u00e1s comunes y dif\u00edciles de detectar. Por ello, identificar la presencia de \u00e1caros en nuestras plantas deber\u00eda ser una prioridad constante en aquellas de interior, y a\u00fan m\u00e1s durante el verano para las de exterior. Es fundamental entender que los \u00e1caros son diminutos artr\u00f3podos que se instalan &#8230; <a title=\"\u00a1Los \u00e1caros en tu cultivo!\" class=\"read-more\" href=\"https:\/\/fagro.mx\/blog\/2025\/03\/20\/los-acaros-en-tu-cultivo\/\" aria-label=\"Leer m\u00e1s sobre \u00a1Los \u00e1caros en tu cultivo!\">Leer m\u00e1s<\/a><\/p>\n","protected":false},"author":1,"featured_media":5071,"comment_status":"open","ping_status":"open","sticky":false,"template":"","format":"standard","meta":{"footnotes":""},"categories":[2,11],"tags":[19],"class_list":["post-5066","post","type-post","status-publish","format-standard","has-post-thumbnail","hentry","category-agricultura","category-problemas-fitosanitarios","tag-acaros-2"],"_links":{"self":[{"href":"https:\/\/fagro.mx\/blog\/wp-json\/wp\/v2\/posts\/5066","targetHints":{"allow":["GET"]}}],"collection":[{"href":"https:\/\/fagro.mx\/blog\/wp-json\/wp\/v2\/posts"}],"about":[{"href":"https:\/\/fagro.mx\/blog\/wp-json\/wp\/v2\/types\/post"}],"author":[{"embeddable":true,"href":"https:\/\/fagro.mx\/blog\/wp-json\/wp\/v2\/users\/1"}],"replies":[{"embeddable":true,"href":"https:\/\/fagro.mx\/blog\/wp-json\/wp\/v2\/comments?post=5066"}],"version-history":[{"count":0,"href":"https:\/\/fagro.mx\/blog\/wp-json\/wp\/v2\/posts\/5066\/revisions"}],"wp:featuredmedia":[{"embeddable":true,"href":"https:\/\/fagro.mx\/blog\/wp-json\/"}],"wp:attachment":[{"href":"https:\/\/fagro.mx\/blog\/wp-json\/wp\/v2\/media?parent=5066"}],"wp:term":[{"taxonomy":"category","embeddable":true,"href":"https:\/\/fagro.mx\/blog\/wp-json\/wp\/v2\/categories?post=5066"},{"taxonomy":"post_tag","embeddable":true,"href":"https:\/\/fagro.mx\/blog\/wp-json\/wp\/v2\/tags?post=5066"}],"curies":[{"name":"wp","href":"https:\/\/api.w.org\/{rel}","templated":true}]}}