{"id":917,"date":"2018-07-31T11:32:43","date_gmt":"2018-07-31T17:32:43","guid":{"rendered":"http:\/\/elblogdefagro.com.mx\/?p=917"},"modified":"2018-07-31T11:32:43","modified_gmt":"2018-07-31T17:32:43","slug":"enfermedad-de-pierce-en-la-vid","status":"publish","type":"post","link":"https:\/\/fagro.mx\/blog\/2018\/07\/31\/enfermedad-de-pierce-en-la-vid\/","title":{"rendered":"Manejo y control de la enfermedad de Pierce en variedades de Vid."},"content":{"rendered":"<p>La enfermedad de Pierce, es una complicaci\u00f3n atribuida a la presencia de la bacteria <em>Xyllela fastidiosa<\/em>, la cual se presenta com\u00fanmente en plantas de Vid (Aunque se sabe que existen m\u00e1s de 200 especies vegetales en peligro de contagio), cuyos sintomas se empiezan a manifestar en las hojas de la planta por su cambio de color a un tono caf\u00e9 que comienza a denotar podredumbre en las mismas. Igualmente, la enfermedad ataca el tronco hasta llegar al fruto y al final del proceso la planta muere. Los vi\u00f1edos que son infectados con esta enfermedad, por desgracia no pueden ser rescatados y de hecho es costumbre quemar los cultivos infectados para evitar su propagaci\u00f3n.<\/p>\n<p><a href=\"https:\/\/biorganixlab.com\"><strong>Biorganix Mexicana<\/strong><\/a> en conjunto con el <strong>Comit\u00e9 Vitivin\u00edcola de Coahuila<\/strong> y la <strong>Universidad Aut\u00f3noma de Coahuila<\/strong>, realizan un proyecto en conjunto el cual tiene como objetivo mapear las zonas vin\u00edcolas del estado que est\u00e1n infectadas y mostrar en cuales de esos lugares se ha manifestado la enfermedad en la vid. Para esto, todas las casas vitivin\u00edcolas del estado, enviar\u00e1n muestras de sus vi\u00f1edos a <strong>Biorganix<\/strong>, donde ser\u00e1n analizadas. Adem\u00e1s, <strong>Biorganix<\/strong> recibir\u00e1 trampas de insectos recolectadas en los vi\u00f1edos las cuales servir\u00e1n para hacer una identificaci\u00f3n de aquellos reportados como vectores de la enfermedad.<\/p>\n<p>La principal meta de este proyecto es saber en que nivel est\u00e1 esparcida la enfermedad de Pierce (<em>Xylella fastidiosa<\/em>) en el estado y determinar de qu\u00e9 cepa de <em>Xylella fastidiosa <\/em>est\u00e1n infectados los vi\u00f1edos, para as\u00ed generar un plan integral de prevenci\u00f3n y manejo quem\u00ednimice su impacto. En una segunda etpapa, <strong>Biorganix<\/strong>, el <strong>Comit\u00e9 vitivin\u00edcola de Coahuila<\/strong> y sus network de aliados acad\u00e9micos, buscaran desarrollar soluciones tecnol\u00f3gicas que lleven a una cura definitiva o un plan de erradicaci\u00f3n para la enfermedad, ya que hasta ahora \u00fanicamente se usan tratamientos con antibi\u00f3ticos que no son econ\u00f3micamente factibles.<\/p>\n<h4>\u00bfPero que es la enfermedad de Pierce?<\/h4>\n<p>La enfermedad de Pierce, se manifiesta en la vid y afecta la rentabilidad y producci\u00f3n comercial de la vid en la mayor parte de las zonas productoras de uva en el sureste de Estados Unidos de Am\u00e9rica. Se reporta que la enfermedad es el origen de importantes p\u00e9rdidas en California y al oeste de Texas y en algunos estados productores de vino de M\u00e9xico. La Universidad de California report\u00f3 que en los a\u00f1os 1994 \u2013 2000 alrededor de 500 hect\u00e1reas de vid en el estado de California fueron afectadas por esta enfermedad, lo que ocasion\u00f3 p\u00e9rdidas superiores a los 30 millones de d\u00f3lares (State of California, 2010)<\/p>\n<p>Se cree que esta enfermedad lleg\u00f3 a M\u00e9xico a causa de la importaci\u00f3n de especies de vi\u00f1edos provenientes del valle de California, ignorando que estaban infectados. Esto aunado a que por lo general, cundo los productores de uva para vino, tienen cosechas que dan buenos resultados, usan esa vid en otros lugares, provoc\u00f3 que la enfermedad se propagara exponencialmente. Hoy en d\u00eda, se tiene registro de que La enfermedad de Pierce est\u00e1 extendida pr\u00e1cticamente por todo el mundo, pero su mayor presencia es el continente americano.<\/p>\n<figure id=\"attachment_918\" aria-describedby=\"caption-attachment-918\" style=\"width: 634px\" class=\"wp-caption aligncenter\"><img loading=\"lazy\" decoding=\"async\" class=\" wp-image-918\" src=\"http:\/\/blogdefagro.com\/wp-content\/uploads\/2018\/07\/Distribuci\u00f3n-de-la-enfermedad-de-pierce-global-300x161.png\" alt=\"\" width=\"644\" height=\"346\" \/><figcaption id=\"caption-attachment-918\" class=\"wp-caption-text\">Fuente: SAGARPA<\/figcaption><\/figure>\n<figure id=\"attachment_920\" aria-describedby=\"caption-attachment-920\" style=\"width: 524px\" class=\"wp-caption aligncenter\"><img loading=\"lazy\" decoding=\"async\" class=\" wp-image-920\" src=\"http:\/\/blogdefagro.com\/wp-content\/uploads\/2018\/07\/Tabla-Distribuci\u00f3n-de-la-enfermedad-de-pierce-global-300x91.png\" alt=\"\" width=\"534\" height=\"162\" \/><figcaption id=\"caption-attachment-920\" class=\"wp-caption-text\">Fuente: SAGARPA<\/figcaption><\/figure>\n<figure id=\"attachment_921\" aria-describedby=\"caption-attachment-921\" style=\"width: 531px\" class=\"wp-caption aligncenter\"><img loading=\"lazy\" decoding=\"async\" class=\"wp-image-921\" src=\"http:\/\/blogdefagro.com\/wp-content\/uploads\/2018\/07\/Disbribuci\u00f3n-Nacional-enfermedad-de-pierce-300x227.png\" alt=\"\" width=\"541\" height=\"409\" \/><figcaption id=\"caption-attachment-921\" class=\"wp-caption-text\">Fuente: SAGARPA<\/figcaption><\/figure>\n<h4>Situaci\u00f3n actual<\/h4>\n<p>De acuerdo a datos de la SAGARPA, los primeros reportes de la presencia de <em>Xylella<\/em> <em>fastidiosa<\/em> en el estado de Coahuila datan del a\u00f1o 2011. Ocasionando p\u00e9rdidas a las diferentes empresas vitivin\u00edcolas, debido a que una vez que se manifiesta la enfermedad, las hojas y el fruto (si es que lo hay) comienzan a pudrirse hasta llegar a la ra\u00edz, por lo que no afecta al vino como tal, pero a la planta y por ende a la producci\u00f3n del vino.<\/p>\n<p>La enfermedad se manifiesta sobre todo en los meses de agosto y octubre, sobre todo en los meses m\u00e1s calurosos, por lo general despu\u00e9s de la vendimia.<\/p>\n<div id='gallery-1' class='gallery galleryid-917 gallery-columns-2 gallery-size-full'><figure class='gallery-item'>\n\t\t\t<div class='gallery-icon landscape'>\n\t\t\t\t<a href='https:\/\/fagro.mx\/blog\/vid-afectada\/'><img loading=\"lazy\" decoding=\"async\" width=\"409\" height=\"271\" src=\"https:\/\/fagro.mx\/blog\/wp-content\/uploads\/2018\/07\/Vid-afectada.png\" class=\"attachment-full size-full\" alt=\"Manifestaci\u00f3n de la enfermedad\" aria-describedby=\"gallery-1-922\" srcset=\"https:\/\/fagro.mx\/blog\/wp-content\/uploads\/2018\/07\/Vid-afectada.png 409w, https:\/\/fagro.mx\/blog\/wp-content\/uploads\/2018\/07\/Vid-afectada-300x199.png 300w\" sizes=\"auto, (max-width: 409px) 100vw, 409px\" \/><\/a>\n\t\t\t<\/div>\n\t\t\t\t<figcaption class='wp-caption-text gallery-caption' id='gallery-1-922'>\n\t\t\t\tManifestaci\u00f3n de la enfermedad\n\t\t\t\t<\/figcaption><\/figure><figure class='gallery-item'>\n\t\t\t<div class='gallery-icon landscape'>\n\t\t\t\t<a href='https:\/\/fagro.mx\/blog\/vid-afectada-2\/'><img loading=\"lazy\" decoding=\"async\" width=\"685\" height=\"225\" src=\"https:\/\/fagro.mx\/blog\/wp-content\/uploads\/2018\/07\/Vid-Afectada-2.png\" class=\"attachment-full size-full\" alt=\"Manifestaci\u00f3n de la enfermedad\" aria-describedby=\"gallery-1-923\" srcset=\"https:\/\/fagro.mx\/blog\/wp-content\/uploads\/2018\/07\/Vid-Afectada-2.png 685w, https:\/\/fagro.mx\/blog\/wp-content\/uploads\/2018\/07\/Vid-Afectada-2-300x99.png 300w\" sizes=\"auto, (max-width: 685px) 100vw, 685px\" \/><\/a>\n\t\t\t<\/div>\n\t\t\t\t<figcaption class='wp-caption-text gallery-caption' id='gallery-1-923'>\n\t\t\t\tManifestaci\u00f3n de la enfermedad\n\t\t\t\t<\/figcaption><\/figure>\n\t\t<\/div>\n\n<p>Fuente: SAGARPA<\/p>\n<h4>Causas de contagio<\/h4>\n<p>Por lo general la bacteria <em>Xylella<\/em> <em>fastidiosa<\/em> llega a los vi\u00f1edos por medio de un insecto que se aliment\u00f3 de una vid infectada y viaja a una planta sana y al alimentarse de esta, la enfermedad es transmitida. El insecto que com\u00fanmente conocido como el vector para esta bacteria se le llama \u201cchicharrita\u201d, en el cual, la bacteria habita en sus intestinos y al picar la planta se transmite a esta. Y cuando esta se aloja en la planta vive en el Xilema de la planta, lo que hace complicada su erradicaci\u00f3n.<\/p>\n<figure id=\"attachment_924\" aria-describedby=\"caption-attachment-924\" style=\"width: 438px\" class=\"wp-caption aligncenter\"><img loading=\"lazy\" decoding=\"async\" class=\" wp-image-924\" src=\"http:\/\/blogdefagro.com\/wp-content\/uploads\/2018\/07\/Transmisores-de-enfermedad-de-pierce-300x225.png\" alt=\"\" width=\"448\" height=\"336\" srcset=\"https:\/\/fagro.mx\/blog\/wp-content\/uploads\/2018\/07\/Transmisores-de-enfermedad-de-pierce-300x225.png 300w, https:\/\/fagro.mx\/blog\/wp-content\/uploads\/2018\/07\/Transmisores-de-enfermedad-de-pierce.png 671w\" sizes=\"auto, (max-width: 448px) 100vw, 448px\" \/><figcaption id=\"caption-attachment-924\" class=\"wp-caption-text\">Fuente: SAGARPA<\/figcaption><\/figure>\n<p><span style=\"font-size: x-small;\">Fuente:\u00a0<strong>&#8220;Elaborado con informaci\u00f3n del dominio p\u00fablico de SAGARPA&#8221; &#8211; <a href=\"https:\/\/www.gob.mx\/cms\/uploads\/attachment\/file\/216021\/18_Ficha_T_cnica_-_Enfermedad_de_Pierce.pdf\" target=\"_blank\" rel=\"noopener noreferrer\">Ficha T\u00e9cnica &#8211; Enfermedad de Pierce<\/a>, Autor: SAGARPA y SENAISCA<\/strong> <\/span><\/p>\n","protected":false},"excerpt":{"rendered":"<p>La enfermedad de Pierce, es una complicaci\u00f3n atribuida a la presencia de la bacteria Xyllela fastidiosa, la cual se presenta com\u00fanmente en plantas de Vid (Aunque se sabe que existen m\u00e1s de 200 especies vegetales en peligro de contagio), cuyos sintomas se empiezan a manifestar en las hojas de la planta por su cambio de &#8230; <a title=\"Manejo y control de la enfermedad de Pierce en variedades de Vid.\" class=\"read-more\" href=\"https:\/\/fagro.mx\/blog\/2018\/07\/31\/enfermedad-de-pierce-en-la-vid\/\" aria-label=\"Leer m\u00e1s sobre Manejo y control de la enfermedad de Pierce en variedades de Vid.\">Leer m\u00e1s<\/a><\/p>\n","protected":false},"author":1,"featured_media":929,"comment_status":"open","ping_status":"open","sticky":false,"template":"","format":"standard","meta":{"footnotes":""},"categories":[5,8],"tags":[],"class_list":["post-917","post","type-post","status-publish","format-standard","has-post-thumbnail","hentry","category-informacion","category-noticias"],"_links":{"self":[{"href":"https:\/\/fagro.mx\/blog\/wp-json\/wp\/v2\/posts\/917","targetHints":{"allow":["GET"]}}],"collection":[{"href":"https:\/\/fagro.mx\/blog\/wp-json\/wp\/v2\/posts"}],"about":[{"href":"https:\/\/fagro.mx\/blog\/wp-json\/wp\/v2\/types\/post"}],"author":[{"embeddable":true,"href":"https:\/\/fagro.mx\/blog\/wp-json\/wp\/v2\/users\/1"}],"replies":[{"embeddable":true,"href":"https:\/\/fagro.mx\/blog\/wp-json\/wp\/v2\/comments?post=917"}],"version-history":[{"count":0,"href":"https:\/\/fagro.mx\/blog\/wp-json\/wp\/v2\/posts\/917\/revisions"}],"wp:featuredmedia":[{"embeddable":true,"href":"https:\/\/fagro.mx\/blog\/wp-json\/wp\/v2\/media\/929"}],"wp:attachment":[{"href":"https:\/\/fagro.mx\/blog\/wp-json\/wp\/v2\/media?parent=917"}],"wp:term":[{"taxonomy":"category","embeddable":true,"href":"https:\/\/fagro.mx\/blog\/wp-json\/wp\/v2\/categories?post=917"},{"taxonomy":"post_tag","embeddable":true,"href":"https:\/\/fagro.mx\/blog\/wp-json\/wp\/v2\/tags?post=917"}],"curies":[{"name":"wp","href":"https:\/\/api.w.org\/{rel}","templated":true}]}}